{"id":439,"date":"2025-09-22T11:27:30","date_gmt":"2025-09-22T11:27:30","guid":{"rendered":"https:\/\/www.inspiracja-aktywacja.org.pl\/?p=439"},"modified":"2025-10-14T09:55:59","modified_gmt":"2025-10-14T09:55:59","slug":"zainspiruj-sie-zawodem-rozpoczecie-rekrutacji-do-ii-tury-projektu","status":"publish","type":"post","link":"https:\/\/www.inspiracja-aktywacja.org.pl\/index.php\/2025\/09\/22\/zainspiruj-sie-zawodem-rozpoczecie-rekrutacji-do-ii-tury-projektu\/","title":{"rendered":"Zainspiruj si\u0119 zawodem! &#8211; rekrutacja do II tury projektu zosta\u0142a zako\u0144czona"},"content":{"rendered":"<p><strong>&#8212; Rekrutacja do II tury projektu zosta\u0142a zako\u0144czona. &#8212;<\/p>\n<p><\/strong>Wraz z Centrum Doradztwa Zawodowego dla M\u0142odzie\u017cy ruszamy z projektem \u201eZainspiruj si\u0119 zawodem! \u2013 organizacja warsztat\u00f3w i wycieczek zawodoznawczych dla uczni\u00f3w pozna\u0144skich szk\u00f3\u0142 podstawowych\u201d.<\/p>\n<p>Serdecznie Was zapraszamy do wzi\u0119cia udzia\u0142u w zaj\u0119ciach zawodoznawczych w siedzibach szk\u00f3\u0142 oraz wycieczkach zawodoznawczych do firm dzia\u0142aj\u0105cych na terenie aglomeracji pozna\u0144skiej.<\/p>\n<p>Naszym celem jest wsparcie 200 uczni\u00f3w i uczennic pozna\u0144skich szk\u00f3\u0142 podstawowych z klas 6-8 w wyborze kierunku dalszego kszta\u0142cenia, zawodu i planowaniu \u015bcie\u017cki kariery, w szczeg\u00f3lno\u015bci w zakresie zawod\u00f3w i szk\u00f3\u0142 funkcjonuj\u0105cych na terenie miasta Poznania.<\/p>\n<p>Poprzez udzia\u0142 w projekcie uczniowie i uczennice:<\/p>\n<ul>\n<li>dowiedz\u0105 si\u0119, na czym polegaj\u0105 wybrane zawody i gdzie mo\u017cna si\u0119 ich uczy\u0107 w Poznaniu,<\/li>\n<li>poznaj\u0105 zakres zada\u0144 wykonywanych na danym stanowisku pracy oraz specyfik\u0119 bran\u017cy,<\/li>\n<li>b\u0119d\u0105 mie\u0107 okazj\u0119 odwiedzi\u0107 pracodawc\u0119 i pozna\u0107 rzeczywiste warunki pracy,<\/li>\n<li>rozwin\u0105 swoje zainteresowania lub odkryj\u0105 zupe\u0142nie nowe,<\/li>\n<li>dowiedz\u0105 si\u0119, jakie umiej\u0119tno\u015bci s\u0105 potrzebne na danym stanowisku pracy,<\/li>\n<li>poznaj\u0105 przeciwwskazania zdrowotne do pracy w danym zawodzie.<\/li>\n<\/ul>\n<p>Zach\u0119camy nauczycieli i nauczycielki do zg\u0142aszania swoich uczni\u00f3w i swoje uczennice ju\u017c teraz! Grupa musi liczy\u0107 <strong>min. 20 os\u00f3b<\/strong>.<\/p>\n<p>Czas realizacji projektu: do ko\u0144ca listopada.<\/p>\n<p>Termin nadsy\u0142ania zg\u0142osze\u0144 do II tury projektu: <strong>do 6 pa\u017adziernika 2025 roku<\/strong>.<\/p>\n<p>Wystarczy pobra\u0107 poni\u017cszy formularz zg\u0142oszeniowy, wype\u0142ni\u0107 go i wys\u0142a\u0107 na adres: <strong>zgloszenie@inspiracja-aktywacja.org.pl<\/strong><\/p>\n<p><a href=\"https:\/\/www.inspiracja-aktywacja.org.pl\/wp-content\/uploads\/2025\/03\/Zainspiruj-sie-zawodem-Regulamin-Formularz-zgloszeniowy-Zgoda-rodzica.pdf\">www.inspiracja-aktywacja.org.pl\/wp-content\/uploads\/2025\/03\/Zainspiruj-sie-zawodem-Regulamin-Formularz-zgloszeniowy-Zgoda-rodzica.pdf<\/a><\/p>\n<p>Sfinansowano ze \u015brodk\u00f3w bud\u017cetowych Miasta Poznania.<\/p>\n<p><strong>#poznanwspiera<\/strong><\/p>\n","protected":false},"excerpt":{"rendered":"<p>&#8212; Rekrutacja do II tury projektu zosta\u0142a zako\u0144czona. &#8212; Wraz z Centrum Doradztwa Zawodowego dla M\u0142odzie\u017cy ruszamy z projektem \u201eZainspiruj si\u0119 zawodem! \u2013 organizacja warsztat\u00f3w i wycieczek zawodoznawczych dla uczni\u00f3w pozna\u0144skich szk\u00f3\u0142 podstawowych\u201d. Serdecznie Was zapraszamy do wzi\u0119cia udzia\u0142u w zaj\u0119ciach zawodoznawczych w siedzibach szk\u00f3\u0142 oraz wycieczkach zawodoznawczych do firm dzia\u0142aj\u0105cych na terenie aglomeracji pozna\u0144skiej. Naszym celem jest wsparcie 200 uczni\u00f3w i uczennic pozna\u0144skich szk\u00f3\u0142 podstawowych z klas 6-8 w wyborze kierunku dalszego kszta\u0142cenia, zawodu i planowaniu \u015bcie\u017cki kariery, w szczeg\u00f3lno\u015bci w zakresie zawod\u00f3w i szk\u00f3\u0142 funkcjonuj\u0105cych na terenie miasta Poznania. Poprzez udzia\u0142 w projekcie uczniowie i uczennice: dowiedz\u0105 si\u0119, na czym polegaj\u0105 wybrane zawody i gdzie mo\u017cna si\u0119 ich uczy\u0107 w Poznaniu, poznaj\u0105 zakres zada\u0144 wykonywanych na danym stanowisku pracy oraz specyfik\u0119 bran\u017cy, b\u0119d\u0105 mie\u0107 okazj\u0119 odwiedzi\u0107 pracodawc\u0119 i pozna\u0107 rzeczywiste warunki pracy, rozwin\u0105 swoje zainteresowania lub odkryj\u0105 zupe\u0142nie nowe, dowiedz\u0105 si\u0119, jakie umiej\u0119tno\u015bci s\u0105 potrzebne na danym stanowisku pracy, poznaj\u0105 przeciwwskazania zdrowotne do pracy w danym zawodzie. Zach\u0119camy nauczycieli i nauczycielki do zg\u0142aszania swoich uczni\u00f3w i swoje uczennice ju\u017c teraz! Grupa musi liczy\u0107 min. 20 os\u00f3b. Czas realizacji projektu: do ko\u0144ca listopada. Termin nadsy\u0142ania zg\u0142osze\u0144 do II tury projektu: do 6 pa\u017adziernika 2025 roku. Wystarczy pobra\u0107 poni\u017cszy formularz zg\u0142oszeniowy, wype\u0142ni\u0107 go i wys\u0142a\u0107 na adres: zgloszenie@inspiracja-aktywacja.org.pl www.inspiracja-aktywacja.org.pl\/wp-content\/uploads\/2025\/03\/Zainspiruj-sie-zawodem-Regulamin-Formularz-zgloszeniowy-Zgoda-rodzica.pdf Sfinansowano ze \u015brodk\u00f3w bud\u017cetowych Miasta Poznania. #poznanwspiera<\/p>\n","protected":false},"author":1,"featured_media":237,"comment_status":"closed","ping_status":"closed","sticky":false,"template":"","format":"standard","meta":{"footnotes":""},"categories":[7,4,8],"tags":[],"class_list":["post-439","post","type-post","status-publish","format-standard","has-post-thumbnail","hentry","category-aktualneprojekty","category-projekty","category-zainspiruj-sie-zawodem"],"_links":{"self":[{"href":"https:\/\/www.inspiracja-aktywacja.org.pl\/index.php\/wp-json\/wp\/v2\/posts\/439","targetHints":{"allow":["GET"]}}],"collection":[{"href":"https:\/\/www.inspiracja-aktywacja.org.pl\/index.php\/wp-json\/wp\/v2\/posts"}],"about":[{"href":"https:\/\/www.inspiracja-aktywacja.org.pl\/index.php\/wp-json\/wp\/v2\/types\/post"}],"author":[{"embeddable":true,"href":"https:\/\/www.inspiracja-aktywacja.org.pl\/index.php\/wp-json\/wp\/v2\/users\/1"}],"replies":[{"embeddable":true,"href":"https:\/\/www.inspiracja-aktywacja.org.pl\/index.php\/wp-json\/wp\/v2\/comments?post=439"}],"version-history":[{"count":4,"href":"https:\/\/www.inspiracja-aktywacja.org.pl\/index.php\/wp-json\/wp\/v2\/posts\/439\/revisions"}],"predecessor-version":[{"id":450,"href":"https:\/\/www.inspiracja-aktywacja.org.pl\/index.php\/wp-json\/wp\/v2\/posts\/439\/revisions\/450"}],"wp:featuredmedia":[{"embeddable":true,"href":"https:\/\/www.inspiracja-aktywacja.org.pl\/index.php\/wp-json\/wp\/v2\/media\/237"}],"wp:attachment":[{"href":"https:\/\/www.inspiracja-aktywacja.org.pl\/index.php\/wp-json\/wp\/v2\/media?parent=439"}],"wp:term":[{"taxonomy":"category","embeddable":true,"href":"https:\/\/www.inspiracja-aktywacja.org.pl\/index.php\/wp-json\/wp\/v2\/categories?post=439"},{"taxonomy":"post_tag","embeddable":true,"href":"https:\/\/www.inspiracja-aktywacja.org.pl\/index.php\/wp-json\/wp\/v2\/tags?post=439"}],"curies":[{"name":"wp","href":"https:\/\/api.w.org\/{rel}","templated":true}]}}