{"id":423,"date":"2025-09-16T13:49:08","date_gmt":"2025-09-16T13:49:08","guid":{"rendered":"https:\/\/www.inspiracja-aktywacja.org.pl\/?p=423"},"modified":"2025-09-16T13:56:47","modified_gmt":"2025-09-16T13:56:47","slug":"zainspiruj-sie-zawodem-informacja-o-projekcie","status":"publish","type":"post","link":"https:\/\/www.inspiracja-aktywacja.org.pl\/index.php\/2025\/09\/16\/zainspiruj-sie-zawodem-informacja-o-projekcie\/","title":{"rendered":"Zainspiruj si\u0119 zawodem! &#8211; informacja o projekcie"},"content":{"rendered":"<p>Celem projektu <strong>\u201eZainspiruj si\u0119 zawodem! &#8211; organizacja warsztat\u00f3w i wycieczek zawodoznawczych dla uczni\u00f3w pozna\u0144skich szk\u00f3\u0142 podstawowych\u201d<\/strong> jest wsparcie 200 uczni\u00f3w i uczennic pozna\u0144skich szk\u00f3\u0142 podstawowych z klas 6-8 w wyborze kierunku dalszego kszta\u0142cenia, zawodu i planowaniu \u015bcie\u017cki kariery, w szczeg\u00f3lno\u015bci w zakresie zawod\u00f3w i szk\u00f3\u0142 funkcjonuj\u0105cych na terenie miasta Poznania.<\/p>\r\n<!-- \/wp:post-content -->\r\n\r\n<!-- wp:paragraph -->\r\n<p>Projekt b\u0119dzie realizowany w terminie 1.03.2025 &#8211; 30.11.2025 r.<\/p>\r\n<!-- \/wp:paragraph -->\r\n\r\n<!-- wp:paragraph -->\r\n<p>Cele projektu zostan\u0105 osi\u0105gni\u0119te poprzez przeprowadzenie 10 zaj\u0119\u0107 zawodoznawczych w siedzibach szk\u00f3\u0142 oraz 10 wycieczek zawodoznawczych do firm dzia\u0142aj\u0105cych na terenie aglomeracji pozna\u0144skiej. Tematyka zaj\u0119\u0107 zawodoznawczych b\u0119dzie dotyczy\u0107 specyfiki wybranych zawod\u00f3w, kszta\u0142towania pozytywnych postaw wobec zawod\u00f3w nauczanych w technikach i bran\u017cowych szko\u0142ach I stopnia, rozpoznawania i rozwijania zainteresowa\u0144 i uzdolnie\u0144 uczennic i uczni\u00f3w. Wycieczki zawodoznawcze b\u0119d\u0105 mia\u0142y na celu: zapoznanie uczennic i uczni\u00f3w z potrzebnymi w zawodzie umiej\u0119tno\u015bciami, przeciwwskazaniami zdrowotnymi oraz przedstawienie rzeczywistych warunk\u00f3w pracy, zada\u0144 wykonywanych na danym stanowisku pracy oraz specyfiki bran\u017cy.<\/p>\r\n<!-- \/wp:paragraph -->\r\n\r\n<!-- wp:paragraph -->\r\n<p>&nbsp;<\/p>\r\n<!-- \/wp:paragraph -->\r\n\r\n<!-- wp:paragraph -->\r\n<p>Sfinansowano ze \u015brodk\u00f3w bud\u017cetowych Miasta Poznania.<\/p>\r\n<!-- \/wp:paragraph -->\r\n\r\n<!-- wp:paragraph -->\r\n<p><strong>#poznanwspiera<\/strong><\/p>\r\n<!-- \/wp:paragraph -->\r\n\r\n<!-- wp:query {\"queryId\":31,\"query\":{\"perPage\":3,\"pages\":0,\"offset\":0,\"postType\":\"post\",\"order\":\"desc\",\"orderBy\":\"date\",\"author\":\"\",\"search\":\"\",\"exclude\":[],\"sticky\":\"\",\"inherit\":false},\"metadata\":{\"categories\":[\"posts\"],\"patternName\":\"core\/left-aligned-posts\",\"name\":\"Left aligned posts\"},\"align\":\"full\",\"layout\":{\"type\":\"default\"}} -->\r\n<div class=\"wp-block-query alignfull\"><!-- wp:group {\"style\":{\"spacing\":{\"padding\":{\"top\":\"0\",\"bottom\":\"var:preset|spacing|40\",\"right\":\"var:preset|spacing|40\",\"left\":\"var:preset|spacing|40\"},\"margin\":{\"top\":\"0\",\"bottom\":\"0\"}}},\"layout\":{\"type\":\"constrained\",\"justifyContent\":\"left\",\"contentSize\":\"780px\"}} -->\r\n<div class=\"wp-block-group\" style=\"margin-top: 0; margin-bottom: 0; padding: 0 var(--wp--preset--spacing--40) var(--wp--preset--spacing--40) var(--wp--preset--spacing--40);\">\u00a0<\/div>\r\n<\/div>\r\n<!-- wp:group {\"layout\":{\"type\":\"flex\",\"flexWrap\":\"nowrap\"}} -->\r\n<div class=\"wp-block-group\"><!-- wp:image {\"id\":205,\"width\":\"377px\",\"height\":\"auto\",\"sizeSlug\":\"full\",\"linkDestination\":\"none\"} -->\r\n<figure class=\"wp-block-image size-full is-resized\"><img loading=\"lazy\" decoding=\"async\" width=\"609\" height=\"157\" class=\"wp-image-205 alignleft\" style=\"width: 354px; height: 91px;\" src=\"https:\/\/www.inspiracja-aktywacja.org.pl\/wp-content\/uploads\/2025\/03\/SIA-logo.png\" alt=\"\" srcset=\"https:\/\/www.inspiracja-aktywacja.org.pl\/wp-content\/uploads\/2025\/03\/SIA-logo.png 609w, https:\/\/www.inspiracja-aktywacja.org.pl\/wp-content\/uploads\/2025\/03\/SIA-logo-300x77.png 300w\" sizes=\"auto, (max-width: 609px) 100vw, 609px\" \/><\/figure>\r\n<!-- \/wp:image -->\r\n\r\n<!-- wp:image {\"id\":283,\"width\":\"178px\",\"height\":\"auto\",\"sizeSlug\":\"large\",\"linkDestination\":\"none\"} -->\r\n<figure class=\"wp-block-image size-large is-resized\"><img loading=\"lazy\" decoding=\"async\" width=\"1024\" height=\"466\" class=\"wp-image-283 alignleft\" style=\"width: 156px; height: 71px;\" src=\"https:\/\/www.inspiracja-aktywacja.org.pl\/wp-content\/uploads\/2025\/03\/LOGO-CDZdM-2-1024x466.png\" alt=\"\" srcset=\"https:\/\/www.inspiracja-aktywacja.org.pl\/wp-content\/uploads\/2025\/03\/LOGO-CDZdM-2-1024x466.png 1024w, https:\/\/www.inspiracja-aktywacja.org.pl\/wp-content\/uploads\/2025\/03\/LOGO-CDZdM-2-300x137.png 300w, https:\/\/www.inspiracja-aktywacja.org.pl\/wp-content\/uploads\/2025\/03\/LOGO-CDZdM-2-768x350.png 768w, https:\/\/www.inspiracja-aktywacja.org.pl\/wp-content\/uploads\/2025\/03\/LOGO-CDZdM-2-1140x519.png 1140w, https:\/\/www.inspiracja-aktywacja.org.pl\/wp-content\/uploads\/2025\/03\/LOGO-CDZdM-2.png 1300w\" sizes=\"auto, (max-width: 1024px) 100vw, 1024px\" \/><\/figure>\r\n<!-- \/wp:image -->\r\n\r\n<!-- wp:image {\"id\":202,\"width\":\"254px\",\"height\":\"auto\",\"sizeSlug\":\"full\",\"linkDestination\":\"none\"} -->\r\n<figure class=\"wp-block-image size-full is-resized\"><img loading=\"lazy\" decoding=\"async\" width=\"404\" height=\"172\" class=\"wp-image-202 alignleft\" style=\"width: 217px; height: 92px;\" src=\"https:\/\/www.inspiracja-aktywacja.org.pl\/wp-content\/uploads\/2025\/03\/POZnan-logo.jpg\" alt=\"\" srcset=\"https:\/\/www.inspiracja-aktywacja.org.pl\/wp-content\/uploads\/2025\/03\/POZnan-logo.jpg 404w, https:\/\/www.inspiracja-aktywacja.org.pl\/wp-content\/uploads\/2025\/03\/POZnan-logo-300x128.jpg 300w\" sizes=\"auto, (max-width: 404px) 100vw, 404px\" \/><\/figure>\r\n<!-- \/wp:image --><\/div>\r\n<!-- \/wp:group --><!-- \/wp:group -->","protected":false},"excerpt":{"rendered":"<p>Celem projektu \u201eZainspiruj si\u0119 zawodem! &#8211; organizacja warsztat\u00f3w i wycieczek zawodoznawczych dla uczni\u00f3w pozna\u0144skich szk\u00f3\u0142 podstawowych\u201d jest wsparcie 200 uczni\u00f3w i uczennic pozna\u0144skich szk\u00f3\u0142 podstawowych z klas 6-8 w wyborze kierunku dalszego kszta\u0142cenia, zawodu i planowaniu \u015bcie\u017cki kariery, w szczeg\u00f3lno\u015bci w zakresie zawod\u00f3w i szk\u00f3\u0142 funkcjonuj\u0105cych na terenie miasta Poznania. Projekt b\u0119dzie realizowany w terminie 1.03.2025 &#8211; 30.11.2025 r. Cele projektu zostan\u0105 osi\u0105gni\u0119te poprzez przeprowadzenie 10 zaj\u0119\u0107 zawodoznawczych w siedzibach szk\u00f3\u0142 oraz 10 wycieczek zawodoznawczych do firm dzia\u0142aj\u0105cych na terenie aglomeracji pozna\u0144skiej. Tematyka zaj\u0119\u0107 zawodoznawczych b\u0119dzie dotyczy\u0107 specyfiki wybranych zawod\u00f3w, kszta\u0142towania pozytywnych postaw wobec zawod\u00f3w nauczanych w technikach i bran\u017cowych szko\u0142ach I stopnia, rozpoznawania i rozwijania zainteresowa\u0144 i uzdolnie\u0144 uczennic i uczni\u00f3w. Wycieczki zawodoznawcze b\u0119d\u0105 mia\u0142y na celu: zapoznanie uczennic i uczni\u00f3w z potrzebnymi w zawodzie umiej\u0119tno\u015bciami, przeciwwskazaniami zdrowotnymi oraz przedstawienie rzeczywistych warunk\u00f3w pracy, zada\u0144 wykonywanych na danym stanowisku pracy oraz specyfiki bran\u017cy. &nbsp; Sfinansowano ze \u015brodk\u00f3w bud\u017cetowych Miasta Poznania. #poznanwspiera \u00a0<\/p>\n","protected":false},"author":1,"featured_media":237,"comment_status":"closed","ping_status":"closed","sticky":false,"template":"","format":"standard","meta":{"footnotes":""},"categories":[4,8],"tags":[],"class_list":["post-423","post","type-post","status-publish","format-standard","has-post-thumbnail","hentry","category-projekty","category-zainspiruj-sie-zawodem"],"_links":{"self":[{"href":"https:\/\/www.inspiracja-aktywacja.org.pl\/index.php\/wp-json\/wp\/v2\/posts\/423","targetHints":{"allow":["GET"]}}],"collection":[{"href":"https:\/\/www.inspiracja-aktywacja.org.pl\/index.php\/wp-json\/wp\/v2\/posts"}],"about":[{"href":"https:\/\/www.inspiracja-aktywacja.org.pl\/index.php\/wp-json\/wp\/v2\/types\/post"}],"author":[{"embeddable":true,"href":"https:\/\/www.inspiracja-aktywacja.org.pl\/index.php\/wp-json\/wp\/v2\/users\/1"}],"replies":[{"embeddable":true,"href":"https:\/\/www.inspiracja-aktywacja.org.pl\/index.php\/wp-json\/wp\/v2\/comments?post=423"}],"version-history":[{"count":7,"href":"https:\/\/www.inspiracja-aktywacja.org.pl\/index.php\/wp-json\/wp\/v2\/posts\/423\/revisions"}],"predecessor-version":[{"id":475,"href":"https:\/\/www.inspiracja-aktywacja.org.pl\/index.php\/wp-json\/wp\/v2\/posts\/423\/revisions\/475"}],"wp:featuredmedia":[{"embeddable":true,"href":"https:\/\/www.inspiracja-aktywacja.org.pl\/index.php\/wp-json\/wp\/v2\/media\/237"}],"wp:attachment":[{"href":"https:\/\/www.inspiracja-aktywacja.org.pl\/index.php\/wp-json\/wp\/v2\/media?parent=423"}],"wp:term":[{"taxonomy":"category","embeddable":true,"href":"https:\/\/www.inspiracja-aktywacja.org.pl\/index.php\/wp-json\/wp\/v2\/categories?post=423"},{"taxonomy":"post_tag","embeddable":true,"href":"https:\/\/www.inspiracja-aktywacja.org.pl\/index.php\/wp-json\/wp\/v2\/tags?post=423"}],"curies":[{"name":"wp","href":"https:\/\/api.w.org\/{rel}","templated":true}]}}